{"id":2624,"date":"2019-02-11T11:40:33","date_gmt":"2019-02-11T10:40:33","guid":{"rendered":"https:\/\/www.innocigs.com\/blog\/?p=2624"},"modified":"2026-04-09T16:37:46","modified_gmt":"2026-04-09T14:37:46","slug":"dampfermessen-2019","status":"publish","type":"post","link":"https:\/\/www.innocigs.com\/blog\/dampfermessen-2019\/","title":{"rendered":"Fachmessen f\u00fcr E-Zigaretten: Termine und Veranstaltungen 2019 in Deutschland"},"content":{"rendered":"<p><span>Mit der Zunahme von E-Zigaretten und Zubeh\u00f6r am Markt hat sich auch das Angebot an Fachmessen f\u00fcr Branchenvertreter und Endverbraucher vergr\u00f6\u00dfert. Waren Veranstaltungen dieser Art vor einigen Jahren noch selten, gibt es mittlerweile eine fl\u00e4chendeckende Pr\u00e4senz in Deutschland. Eine \u00dcbersicht der Fachmessen im Jahr 2019 und deren Standorte findet sich in diesem Informationsbeitrag.<\/span><\/p>\n<p>&nbsp;<\/p>\n<h2>PURE VAPE \u2013 M\u00dcNCHEN \/\/\/<\/h2>\n<p><strong>02.03. \u2013 03.03.<\/strong><img loading=\"lazy\" decoding=\"async\" class=\"aligncenter wp-image-2627 size-full\" style=\"font-weight: bold; background-color: transparent; font-size: 1rem;\" src=\"https:\/\/www.innocigs.com\/blog\/wp-content\/uploads\/2019\/02\/PureVape-2018.jpg\" alt=\"\" width=\"1200\" height=\"800\" srcset=\"https:\/\/www.innocigs.com\/blog\/wp-content\/uploads\/2019\/02\/PureVape-2018.jpg 1200w, https:\/\/www.innocigs.com\/blog\/wp-content\/uploads\/2019\/02\/PureVape-2018-300x200.jpg 300w, https:\/\/www.innocigs.com\/blog\/wp-content\/uploads\/2019\/02\/PureVape-2018-768x512.jpg 768w, https:\/\/www.innocigs.com\/blog\/wp-content\/uploads\/2019\/02\/PureVape-2018-1024x683.jpg 1024w, https:\/\/www.innocigs.com\/blog\/wp-content\/uploads\/2019\/02\/PureVape-2018-624x416.jpg 624w\" sizes=\"auto, (max-width: 1200px) 100vw, 1200px\" \/><span style=\"color: #757575; font-size: 0.857143rem; font-style: italic; background-color: transparent;\">Cloud-Kunst auf der Pure Vape 2018 (Foto \u00a9Pure Vape \u2013 Webseite)<\/span><\/p>\n<p><span>Anfang M\u00e4rz findet die Pure Vape in M\u00fcnchen statt. Die Messe richtet sich an Nutzer von E-Zigaretten sowie an interessierte Personen. Fachbesucher und Endkunden finden dort verschiedene E-Zigaretten, Aromen und Zubeh\u00f6rteile vor. Die Aussteller pr\u00e4sentieren ihre Warenbest\u00e4nde. F\u00fcr Fachbesucher ist die Messe von 9.00 \u2013 18.00 Uhr ge\u00f6ffnet, der Einlass f\u00fcr das allgemeine Publikum erfolgt an beiden Tagen ab 12.00 Uhr.<\/span><\/p>\n<p><strong>Veranstaltungsort<\/strong><br \/>\nMVG Museum<br \/>\nSt\u00e4ndlerstra\u00dfe 20<br \/>\n81549 M\u00fcnchen<\/p>\n<p><strong>Ticketpreise<\/strong><br \/>\n<em><strong>Endverbraucher:<\/strong><\/em><br \/>\nTageskarte: 11,50 EUR<br \/>\nDauerkarte: 20,00 EUR<br \/>\n<em><strong>Fachbesucher:<\/strong><\/em><br \/>\nB2B Tageskarte: 15,50 EUR<br \/>\nB2B Dauerkarte: 24,00 EUR<br \/>\n\u2013 alle Preise zzgl. Geb\u00fchr und MwSt. \u2013<\/p>\n<p>&nbsp;<\/p>\n<h2>F\u00d6RDE DAMPF \u2013 KIEL \/\/\/<\/h2>\n<p><strong>13.04. \u2013 14.04.<\/strong><img loading=\"lazy\" decoding=\"async\" class=\"aligncenter wp-image-2628 size-full\" style=\"font-weight: bold; background-color: transparent; font-size: 1rem;\" src=\"https:\/\/www.innocigs.com\/blog\/wp-content\/uploads\/2019\/02\/Fo\u0308rde-Dampf-2019.jpg\" alt=\"F\u00f6rde Dampf \u2013 Die Dampfermesse im Norden\" width=\"2551\" height=\"1240\" srcset=\"https:\/\/www.innocigs.com\/blog\/wp-content\/uploads\/2019\/02\/Fo\u0308rde-Dampf-2019.jpg 2551w, https:\/\/www.innocigs.com\/blog\/wp-content\/uploads\/2019\/02\/Fo\u0308rde-Dampf-2019-300x146.jpg 300w, https:\/\/www.innocigs.com\/blog\/wp-content\/uploads\/2019\/02\/Fo\u0308rde-Dampf-2019-768x373.jpg 768w, https:\/\/www.innocigs.com\/blog\/wp-content\/uploads\/2019\/02\/Fo\u0308rde-Dampf-2019-1024x498.jpg 1024w, https:\/\/www.innocigs.com\/blog\/wp-content\/uploads\/2019\/02\/Fo\u0308rde-Dampf-2019-624x303.jpg 624w\" sizes=\"auto, (max-width: 2551px) 100vw, 2551px\" \/><span style=\"color: #757575; font-size: 0.857143rem; font-style: italic; background-color: transparent;\">Logo der F\u00f6rde Dampf (Foto \u00a9F\u00f6rde Dampf \u2013 Facebook)<\/span><\/p>\n<p><span>Die F\u00f6rde Dampf findet in der Halle 400 in Kiel statt. Diese regional ausgerichtete Messe konzentriert sich auf die Vorstellung der anwesenden Aussteller und Informationen zum Thema E-Zigarette. Fachbesucher k\u00f6nnen die Messe an beiden Tagen von 9.00 bis 18.00 Uhr besuchen, f\u00fcr Endverbraucher \u00f6ffnet die Veranstaltung ab 11.00 Uhr.<\/span><\/p>\n<p><strong>Veranstaltungsort<\/strong><br \/>\nKiel Halle 400<br \/>\nAn der Halle 400 1<br \/>\n24143 Kiel<\/p>\n<p><strong>Ticketpreise<\/strong><br \/>\nTageskarte: 13,35 EUR<\/p>\n<p>&nbsp;<\/p>\n<h2>VAPORFAIR \u2013 FRANKFURT \/\/\/<\/h2>\n<p><strong>26.04. \u2013 28.04.<\/strong><br \/>\n<span>Im April findet die Messe \u201eShishaMesse meets VaporFair\u201c in der Halle 3 der Messe Frankfurt statt. Die Ausstellungsfl\u00e4che umfasst rund 20.000 Quadratmeter. Am Freitag ist die Messe ausschlie\u00dflich Fachbesuchern zur Kontaktpflege vorbehalten. Am Samstag und Sonntag ist die Veranstaltung auch f\u00fcr Endverbraucher zug\u00e4nglich. Die \u00d6ffnungszeiten sind t\u00e4glich von 10.00 \u2013 18.00 Uhr.<\/span><\/p>\n<p><strong>Veranstaltungsort<\/strong><br \/>\nMesse Frankfurt<br \/>\nLudwig-Erhard-Anlage 1<br \/>\n60327 Frankfurt am Main<\/p>\n<p><strong>Ticketpreise<\/strong><br \/>\n<em><strong>Endverbraucher:<\/strong><\/em><br \/>\n<em>Online-Vorverkauf<\/em><br \/>\nTageskarte: 18,00 EUR<br \/>\nDauerkarte: 28,00 EUR<br \/>\n<em>Tageskasse<\/em><br \/>\nTageskarte: 20,00 EUR<br \/>\nDauerkarte: 30,00 EUR<br \/>\n<em><strong>Fachbesucher:<\/strong><\/em><br \/>\nB2B Tageskarte: 30,00 EUR<br \/>\nB2B Dauerkarte: 40,00 EUR<\/p>\n<p>&nbsp;<\/p>\n<h2>VAPORGURU \u2013 MAGDEBURG \/\/\/<\/h2>\n<p><strong>26.04. \u2013 28.04.<\/strong><\/p>\n<div id=\"attachment_2633\" style=\"width: 1010px\" class=\"wp-caption aligncenter\"><img loading=\"lazy\" decoding=\"async\" aria-describedby=\"caption-attachment-2633\" class=\"wp-image-2633\" src=\"https:\/\/www.innocigs.com\/blog\/wp-content\/uploads\/2019\/02\/Vaporguru.jpg\" alt=\"VaporGuru Dampfermesse 2019\" width=\"1000\" height=\"380\" srcset=\"https:\/\/www.innocigs.com\/blog\/wp-content\/uploads\/2019\/02\/Vaporguru.jpg 828w, https:\/\/www.innocigs.com\/blog\/wp-content\/uploads\/2019\/02\/Vaporguru-300x114.jpg 300w, https:\/\/www.innocigs.com\/blog\/wp-content\/uploads\/2019\/02\/Vaporguru-768x292.jpg 768w, https:\/\/www.innocigs.com\/blog\/wp-content\/uploads\/2019\/02\/Vaporguru-624x237.jpg 624w\" sizes=\"auto, (max-width: 1000px) 100vw, 1000px\" \/><p id=\"caption-attachment-2633\" class=\"wp-caption-text\">Flyer der VaporGuru Dampfermesse 2019 (Foto \u00a9VaporGuru \u2013 Facebook)<\/p><\/div>\n<p><span>Die VaporGuru findet in den Messehallen Magdeburg statt. Aussteller pr\u00e4sentieren E-Zigaretten-Produkte und technische Entwicklungen. Erg\u00e4nzend wird ein Rahmenprogramm angeboten. Am Freitag ist die Messe f\u00fcr Fachbesucher von 17.00 bis 21.00 Uhr ge\u00f6ffnet. An den Folgetagen ist der Zugang f\u00fcr alle Interessierten von 11.00 bis 18.00 Uhr m\u00f6glich.<\/span><\/p>\n<p><strong>Veranstaltungsort<\/strong><br \/>\nMesse Magdeburg<br \/>\nTessenowstra\u00dfe 9a<br \/>\n39114 Magdeburg<\/p>\n<p><strong>Ticketpreise<\/strong><br \/>\nTageskarte: 12,00 EUR<br \/>\nDauerkarte: 20,00 EUR<\/p>\n<p>&nbsp;<\/p>\n<h2>STEAMERS PARADISE \u2013 AACHEN \/\/\/<\/h2>\n<p><strong>11.05. \u2013 12.05.<\/strong><\/p>\n<div id=\"attachment_2634\" style=\"width: 756px\" class=\"wp-caption alignnone\"><a href=\"https:\/\/www.innocigs.com\/blog\/wp-content\/uploads\/2019\/02\/steamers-paradise.jpg\"><img loading=\"lazy\" decoding=\"async\" aria-describedby=\"caption-attachment-2634\" class=\"wp-image-2634 size-full\" src=\"https:\/\/www.innocigs.com\/blog\/wp-content\/uploads\/2019\/02\/steamers-paradise.jpg\" alt=\"Steamers Paradise Aaachen\" width=\"746\" height=\"706\" srcset=\"https:\/\/www.innocigs.com\/blog\/wp-content\/uploads\/2019\/02\/steamers-paradise.jpg 746w, https:\/\/www.innocigs.com\/blog\/wp-content\/uploads\/2019\/02\/steamers-paradise-300x284.jpg 300w, https:\/\/www.innocigs.com\/blog\/wp-content\/uploads\/2019\/02\/steamers-paradise-624x591.jpg 624w\" sizes=\"auto, (max-width: 746px) 100vw, 746px\" \/><\/a><p id=\"caption-attachment-2634\" class=\"wp-caption-text\">Logo der Steamers Paradise (Foto \u00a9Steamers Paradise \u2013 MediaKit Webseite)<\/p><\/div>\n<p><span>Die <a href=\"https:\/\/steamers-paradise.de\/\" target=\"_blank\" rel=\"noopener\">Steamers Paradise<\/a> in der 100\u20195 Arena in Aachen ist eine Fachmesse im Dreil\u00e4ndereck DE\/NL\/BE. Die Veranstaltung umfasst Ausstellerpr\u00e4sentationen und Fachvortr\u00e4ge. Die Messe ist an beiden Tagen von 10.00 bis 17.00 Uhr f\u00fcr Besucher ge\u00f6ffnet.<\/span><\/p>\n<p><strong>Veranstaltungsort<\/strong><br \/>\n100\u20195 Arena Aachen<br \/>\nHubert-Wienen-Stra\u00dfe 8<br \/>\n52070 Aachen<\/p>\n<p><strong>Ticketpreise<\/strong><br \/>\n<em><strong>Endverbraucher:<\/strong><\/em><br \/>\nTageskarte: 10,00 EUR<br \/>\nDauerkarte: 17,50 EUR<br \/>\n<em><strong>Fachbesucher:<\/strong><\/em><br \/>\nB2B Dauerkarte: 15,00 EUR<\/p>\n<p>&nbsp;<\/p>\n<h2>VAPCONVENTION \u2013 LANDSHUT \/\/\/<\/h2>\n<p><strong>17.05. \u2013 19.05.<\/strong><\/p>\n<p><span>Im Mai findet die Vapconvention in Landshut statt. Aussteller zeigen Hardware und Zubeh\u00f6r aus verschiedenen L\u00e4ndern. Die Messe dient dem Informationsaustausch zwischen Nutzern und Branchenvertretern. Endverbraucher k\u00f6nnen die Messe am Samstag und Sonntag von 10.00 Uhr bis 18.00 Uhr besuchen. F\u00fcr Fachbesucher ist zus\u00e4tzlich der 17.05. von 10.00 bis 18.00 Uhr reserviert.<\/span><\/p>\n<p><strong>Veranstaltungsort<\/strong><br \/>\nSparkassen-Arena Landshut<br \/>\nNiedermayerstra\u00dfe 100<br \/>\n84036 Landshut<\/p>\n<p><strong>Ticketpreise<\/strong><br \/>\n<em><strong>Endverbraucher:<\/strong><\/em><br \/>\n<em>Online-Vorverkauf<\/em><br \/>\nTageskarte: 18,00 EUR<br \/>\nDauerkarte: 28,00 EUR<br \/>\n<em>Tageskasse<\/em><br \/>\nTageskarte: 20,00 EUR<br \/>\nDauerkarte: 30,00 EUR<br \/>\n<em><strong>Fachbesucher:<\/strong><\/em><br \/>\nB2B Tageskarte: 30,00 EUR<br \/>\nB2B Dauerkarte: 40,00 EUR<\/p>\n<p>&nbsp;<\/p>\n<h2>THE HALL OF VAPE \u2013 STUTTGART \/\/\/<\/h2>\n<p><strong>31.05. \u2013 02.06.<\/strong><br \/>\n<span><a href=\"https:\/\/the-hall-of-vape.de\/\" target=\"_blank\" rel=\"noopener\">\u201cThe Hall of Vape\u201d<\/a> ist eine Fach- und Konsumentenmesse f\u00fcr E-Zigaretten in Stuttgart. Auf einer Fl\u00e4che von 25.000 Quadratmetern pr\u00e4sentieren verschiedene Unternehmen ihre Produkte. Der Freitag ist von 10.00 Uhr bis 18.00 Uhr ausschlie\u00dflich Fachbesuchern vorbehalten. Am Samstag (10.00 bis 18.00 Uhr) und Sonntag (10.00 bis 17.00 Uhr) ist die Messe f\u00fcr die allgemeine \u00d6ffentlichkeit zug\u00e4nglich.<\/span><\/p>\n<p><strong>Veranstaltungsort<\/strong><br \/>\nNeue Messe Stuttgart<br \/>\nMessepiazza 1 (Halle 9 und 10)<br \/>\n70629 Stuttgart<\/p>\n<p><strong>Ticketpreise<\/strong><br \/>\n<em><strong>Endverbraucher:<\/strong><\/em><br \/>\n<em>Online-Vorverkauf<\/em><br \/>\nTageskarte: 15,60 EUR<br \/>\nDauerkarte: 25,60 EUR<br \/>\nVIP-Dauerkarte: 100 EUR<\/p>\n<p><span style=\"color: #0000ff;\"><strong><a style=\"color: #0000ff;\" href=\"https:\/\/the-hall-of-vape.de\/tickets\/\" target=\"_blank\" rel=\"noopener\">TICKET BUCHEN<\/a> <\/strong><\/span>(nur Endverbraucher)<\/p>\n<p>&nbsp;<\/p>\n<h2>INTERSTEAM \u2013 BERLIN \/\/\/<\/h2>\n<p><strong>14.06. \u2013 16.06.<\/strong><\/p>\n<div id=\"attachment_2637\" style=\"width: 4138px\" class=\"wp-caption aligncenter\"><a href=\"https:\/\/www.innocigs.com\/blog\/wp-content\/uploads\/2019\/02\/intersteam.jpg\"><img loading=\"lazy\" decoding=\"async\" aria-describedby=\"caption-attachment-2637\" class=\"wp-image-2637 size-full\" src=\"https:\/\/www.innocigs.com\/blog\/wp-content\/uploads\/2019\/02\/intersteam.jpg\" alt=\"InterSteam Dampfermesse 2019\" width=\"4128\" height=\"3096\" srcset=\"https:\/\/www.innocigs.com\/blog\/wp-content\/uploads\/2019\/02\/intersteam.jpg 4128w, https:\/\/www.innocigs.com\/blog\/wp-content\/uploads\/2019\/02\/intersteam-300x225.jpg 300w, https:\/\/www.innocigs.com\/blog\/wp-content\/uploads\/2019\/02\/intersteam-768x576.jpg 768w, https:\/\/www.innocigs.com\/blog\/wp-content\/uploads\/2019\/02\/intersteam-1024x768.jpg 1024w, https:\/\/www.innocigs.com\/blog\/wp-content\/uploads\/2019\/02\/intersteam-624x468.jpg 624w\" sizes=\"auto, (max-width: 4128px) 100vw, 4128px\" \/><\/a><p id=\"caption-attachment-2637\" class=\"wp-caption-text\">Impression von der InterSteam 2018 (Foto \u00a9InterStream)<\/p><\/div>\n<p><span>Die InterSteam findet in der Arena Berlin statt. Hersteller und H\u00e4ndler zeigen dort ihre Produktportfolios. Das Programm umfasst Vortr\u00e4ge und Fachpr\u00e4sentationen. Der erste Messetag ist f\u00fcr B2B-Besucher vorgesehen. Am Samstag und Sonntag ist die Messe jeweils ab 12.00 Uhr f\u00fcr Endverbraucher ge\u00f6ffnet.<\/span><\/p>\n<p><strong>Veranstaltungsort<\/strong><br \/>\nArena Berlin<br \/>\nEichenstra\u00dfe 4<br \/>\n12435 Berlin<\/p>\n<p><strong>Ticketpreise<\/strong><br \/>\n<em><strong>Endverbraucher:<\/strong><\/em><br \/>\n<em>Online-Vorverkauf<\/em><br \/>\nTageskarte: 12,00 EUR<br \/>\nDauerkarte: 20,00 EUR<br \/>\n<strong>Fachbesucher:<\/strong><br \/>\nAnmeldung erforderlich<\/p>\n<p>&nbsp;<\/p>\n<h2>MYVAPE \u2013 BRAUNSCHWEIG \/\/\/<\/h2>\n<p><strong>17.08. \u2013 18.08.<\/strong><\/p>\n<div id=\"attachment_2639\" style=\"width: 2410px\" class=\"wp-caption aligncenter\"><a href=\"https:\/\/www.innocigs.com\/blog\/wp-content\/uploads\/2019\/02\/MyVape.jpg\"><img loading=\"lazy\" decoding=\"async\" aria-describedby=\"caption-attachment-2639\" class=\"wp-image-2639 size-full\" src=\"https:\/\/www.innocigs.com\/blog\/wp-content\/uploads\/2019\/02\/MyVape.jpg\" alt=\"MyVape Dampfermesse 2019\" width=\"2400\" height=\"1600\" srcset=\"https:\/\/www.innocigs.com\/blog\/wp-content\/uploads\/2019\/02\/MyVape.jpg 2400w, https:\/\/www.innocigs.com\/blog\/wp-content\/uploads\/2019\/02\/MyVape-300x200.jpg 300w, https:\/\/www.innocigs.com\/blog\/wp-content\/uploads\/2019\/02\/MyVape-768x512.jpg 768w, https:\/\/www.innocigs.com\/blog\/wp-content\/uploads\/2019\/02\/MyVape-1024x683.jpg 1024w, https:\/\/www.innocigs.com\/blog\/wp-content\/uploads\/2019\/02\/MyVape-624x416.jpg 624w\" sizes=\"auto, (max-width: 2400px) 100vw, 2400px\" \/><\/a><p id=\"caption-attachment-2639\" class=\"wp-caption-text\">Impression von der MyVape Dampfermesse 2018 (Foto \u00a9Marc Stantien \/ www.stantien.de)<\/p><\/div>\n<p><span>Die MyVape ist eine Fachmesse in Niedersachsen f\u00fcr Fachbesucher und Endkunden. Das Programm beinhaltet Ausstellerpr\u00e4sentationen sowie Podiumsdiskussionen zum Thema E-Zigarette. F\u00fcr das Fachpublikum sind gesonderte Zeitfenster und Bereiche vorgesehen. Endverbraucher k\u00f6nnen die Messe am Samstag von 10.00 bis 18.00 Uhr und am Sonntag von 12.00 bis 17.00 Uhr besuchen.<\/span><\/p>\n<p><strong>Veranstaltungsort<\/strong><br \/>\nStadthalle Braunschweig<br \/>\nLeonhardplatz 14<br \/>\n38102 Braunschweig<\/p>\n<p><strong>Ticketpreise<\/strong><br \/>\n<em><strong>Endverbraucher:<\/strong><\/em><br \/>\n<em>Online-Vorverkauf und Tageskasse<\/em><br \/>\nTageskarte Samstag: 14,00 EUR<br \/>\nTageskarte Sonntag: 11,00 EUR<br \/>\nDauerkarte: 20,00 EUR<br \/>\nPersonen mit Handicap erhalten bei Vorlage ihres Schwerbehindertenausweises freien Eintritt \u2013 Begleiter bezahlen den regul\u00e4ren Eintrittspreis.<br \/>\n<strong><em>Fachbesucher:<\/em><\/strong><br \/>\n<em>Tageskasse<\/em><br \/>\nTageskarte Samstag: 14,00 EUR<br \/>\nTageskarte Sonntag: 11,00 EUR<br \/>\nDauerkarte: 20,00 EUR<\/p>\n<p>Bitte zur Legitimation Kopie der Gewerbeanmeldung mitbringen!<\/p>\n<p>&nbsp;<\/p>\n<h2>VAPE CONVENTION \u2013 BREMEN \/\/\/<\/h2>\n<p><strong>07.09. \u2013 08.09.<\/strong><br \/>\n<span>Im September findet die Vape Convention in der Halle 4 der Messe Bremen statt. Die Veranstaltung umfasst Bereiche f\u00fcr E-Zigaretten sowie f\u00fcr T\u00e4towierungen. Aussteller pr\u00e4sentieren Hardware und Zubeh\u00f6r. Die \u00d6ffnungszeiten f\u00fcr Endverbraucher sind Samstag von 10.00 bis 18.00 Uhr und Sonntag von 11.00 bis 17.00 Uhr. Fachbesucher haben am Sonntag ab 9.00 Uhr vorzeitigen Einlass.<\/span><\/p>\n<p><strong>Veranstaltungsort<\/strong><br \/>\nMesse Bremen \u2013 Halle 4<br \/>\nHollerallee 101<br \/>\n28215 Bremen<\/p>\n<p><strong>Ticketpreise<\/strong><br \/>\nnoch nicht bekannt<\/p>\n<p>&nbsp;<\/p>\n<h2>INTERTABAC \u2013 DORTMUND \/\/\/<\/h2>\n<p><strong>20.09. \u2013 22.09.<\/strong><\/p>\n<div id=\"attachment_2641\" style=\"width: 6010px\" class=\"wp-caption aligncenter\"><a href=\"https:\/\/www.innocigs.com\/blog\/wp-content\/uploads\/2019\/02\/IMG_1845.jpg\"><img loading=\"lazy\" decoding=\"async\" aria-describedby=\"caption-attachment-2641\" class=\"wp-image-2641 size-full\" src=\"https:\/\/www.innocigs.com\/blog\/wp-content\/uploads\/2019\/02\/IMG_1845.jpg\" alt=\"InnoCigs auf der InterTabac 2018\" width=\"6000\" height=\"4000\" srcset=\"https:\/\/www.innocigs.com\/blog\/wp-content\/uploads\/2019\/02\/IMG_1845.jpg 6000w, https:\/\/www.innocigs.com\/blog\/wp-content\/uploads\/2019\/02\/IMG_1845-300x200.jpg 300w, https:\/\/www.innocigs.com\/blog\/wp-content\/uploads\/2019\/02\/IMG_1845-768x512.jpg 768w, https:\/\/www.innocigs.com\/blog\/wp-content\/uploads\/2019\/02\/IMG_1845-1024x683.jpg 1024w, https:\/\/www.innocigs.com\/blog\/wp-content\/uploads\/2019\/02\/IMG_1845-624x416.jpg 624w\" sizes=\"auto, (max-width: 6000px) 100vw, 6000px\" \/><\/a><p id=\"caption-attachment-2641\" class=\"wp-caption-text\">InnoCigs auf der InterTabac 2018<\/p><\/div>\n<p><span>Die <a href=\"https:\/\/www.intertabac.de\" target=\"_blank\" rel=\"noopener\">InterTabac<\/a> ist eine Fachmesse f\u00fcr Tabakwaren und Rauchbedarf. Ein Teil der Ausstellungsfl\u00e4che ist f\u00fcr E-Zigaretten und Zubeh\u00f6r reserviert. Es handelt sich um eine reine B2B-Messe zur Kontaktpflege zwischen Herstellern und H\u00e4ndlern. Die Messe ist von Freitag bis Sonntag jeweils von 10.00 bis 18.00 Uhr ge\u00f6ffnet.<\/span><\/p>\n<p><strong>Veranstaltungsort<\/strong><br \/>\nMesse Westfalenhallen Dortmund<br \/>\nStrobelallee 45<br \/>\nEichenstra\u00dfe 4<br \/>\n44139 Dortmund<\/p>\n<div id=\"attachment_701\" style=\"width: 1191px\" class=\"wp-caption aligncenter\"><a href=\"https:\/\/www.innocigs.com\/blog\/wp-content\/uploads\/2017\/01\/Gelaendeuebersicht_Westfalenhallen.jpg\"><img loading=\"lazy\" decoding=\"async\" aria-describedby=\"caption-attachment-701\" class=\"wp-image-701 size-full\" src=\"https:\/\/www.innocigs.com\/blog\/wp-content\/uploads\/2017\/01\/Gelaendeuebersicht_Westfalenhallen.jpg\" alt=\"\" width=\"1181\" height=\"410\" srcset=\"https:\/\/www.innocigs.com\/blog\/wp-content\/uploads\/2017\/01\/Gelaendeuebersicht_Westfalenhallen.jpg 1181w, https:\/\/www.innocigs.com\/blog\/wp-content\/uploads\/2017\/01\/Gelaendeuebersicht_Westfalenhallen-300x104.jpg 300w, https:\/\/www.innocigs.com\/blog\/wp-content\/uploads\/2017\/01\/Gelaendeuebersicht_Westfalenhallen-768x267.jpg 768w, https:\/\/www.innocigs.com\/blog\/wp-content\/uploads\/2017\/01\/Gelaendeuebersicht_Westfalenhallen-1024x355.jpg 1024w, https:\/\/www.innocigs.com\/blog\/wp-content\/uploads\/2017\/01\/Gelaendeuebersicht_Westfalenhallen-624x217.jpg 624w\" sizes=\"auto, (max-width: 1181px) 100vw, 1181px\" \/><\/a><p id=\"caption-attachment-701\" class=\"wp-caption-text\">Hier findet die InterTabac 2019 statt (Grafik \u00a9Westfalenhalle Dortmund)<\/p><\/div>\n<p><strong>Hinweis:<\/strong> Dieser Beitrag dient der sachlichen Information \u00fcber vergangene Veranstaltungen. Die Angaben beziehen sich auf den Planungsstand von 2019. Eine Gew\u00e4hr f\u00fcr die Richtigkeit der historischen Daten kann nicht \u00fcbernommen werden.<\/p>\n","protected":false},"excerpt":{"rendered":"<p>Mit der immens steigenden Nachfrage nach E-Zigaretten und Zubeh\u00f6r steigt auch die M\u00f6glichkeit des fachlichen Austausches f\u00fcr Branchenexperten und Endkunden. Waren Dampfermessen vor ein paar Jahren noch eine echte Rarit\u00e4t, f\u00fcr deren Besuch die Dampfergemeinden hunderte von Kilometern auf sich nahmen, so verteilen sie sich mittlerweile in ganz Deutschland mehr und mehr und werden immer angesagter. Welche Messen ihr auf keinen Fall verpassen d\u00fcrft und wo sie stattfinden, das erfahrt ihr hier in eurem InnoCigs-Blogbeitrag &#8222;Dampfermessen 2019&#8220;.<\/p>\n","protected":false},"author":3,"featured_media":2644,"comment_status":"open","ping_status":"closed","sticky":false,"template":"","format":"image","meta":{"footnotes":""},"categories":[1],"tags":[],"class_list":["post-2624","post","type-post","status-publish","format-image","has-post-thumbnail","hentry","category-allgemein","post_format-post-format-image"],"yoast_head":"<!-- This site is optimized with the Yoast SEO plugin v27.4 - https:\/\/yoast.com\/product\/yoast-seo-wordpress\/ -->\n<title>Fachmessen f\u00fcr E-Zigaretten: Termine und Veranstaltungen 2019 in Deutschland - InnoCigs<\/title>\n<meta name=\"description\" content=\"\u00dcbersicht und Termine der Fachmessen f\u00fcr E-Zigaretten und Zubeh\u00f6r im Jahr 2019 in Deutschland. Eine sachliche Zusammenstellung vergangener Branchenveranstaltungen.\" \/>\n<meta name=\"robots\" content=\"index, follow, max-snippet:-1, max-image-preview:large, max-video-preview:-1\" \/>\n<link rel=\"canonical\" href=\"https:\/\/www.innocigs.com\/blog\/dampfermessen-2019\/\" \/>\n<meta property=\"og:locale\" content=\"de_DE\" \/>\n<meta property=\"og:type\" content=\"article\" \/>\n<meta property=\"og:title\" content=\"Fachmessen f\u00fcr E-Zigaretten: Termine und Veranstaltungen 2019 in Deutschland - InnoCigs\" \/>\n<meta property=\"og:description\" content=\"\u00dcbersicht und Termine der Fachmessen f\u00fcr E-Zigaretten und Zubeh\u00f6r im Jahr 2019 in Deutschland. Eine sachliche Zusammenstellung vergangener Branchenveranstaltungen.\" \/>\n<meta property=\"og:url\" content=\"https:\/\/www.innocigs.com\/blog\/dampfermessen-2019\/\" \/>\n<meta property=\"og:site_name\" content=\"InnoCigs\" \/>\n<meta property=\"article:published_time\" content=\"2019-02-11T10:40:33+00:00\" \/>\n<meta property=\"article:modified_time\" content=\"2026-04-09T14:37:46+00:00\" \/>\n<meta property=\"og:image\" content=\"https:\/\/www.innocigs.com\/blog\/wp-content\/uploads\/2019\/02\/IMG_1718-1024x683.jpg\" \/>\n\t<meta property=\"og:image:width\" content=\"1024\" \/>\n\t<meta property=\"og:image:height\" content=\"683\" \/>\n\t<meta property=\"og:image:type\" content=\"image\/jpeg\" \/>\n<meta name=\"author\" content=\"InnoCigs Redaktion\" \/>\n<meta name=\"twitter:card\" content=\"summary_large_image\" \/>\n<meta name=\"twitter:label1\" content=\"Verfasst von\" \/>\n\t<meta name=\"twitter:data1\" content=\"InnoCigs Redaktion\" \/>\n\t<meta name=\"twitter:label2\" content=\"Gesch\u00e4tzte Lesezeit\" \/>\n\t<meta name=\"twitter:data2\" content=\"8\u00a0Minuten\" \/>\n<script type=\"application\/ld+json\" class=\"yoast-schema-graph\">{\"@context\":\"https:\\\/\\\/schema.org\",\"@graph\":[{\"@type\":\"Article\",\"@id\":\"https:\\\/\\\/www.innocigs.com\\\/blog\\\/dampfermessen-2019\\\/#article\",\"isPartOf\":{\"@id\":\"https:\\\/\\\/www.innocigs.com\\\/blog\\\/dampfermessen-2019\\\/\"},\"author\":{\"name\":\"InnoCigs Redaktion\",\"@id\":\"https:\\\/\\\/www.innocigs.com\\\/blog\\\/#\\\/schema\\\/person\\\/95aa735d7c615a010af262c72836f2bf\"},\"headline\":\"Fachmessen f\u00fcr E-Zigaretten: Termine und Veranstaltungen 2019 in Deutschland\",\"datePublished\":\"2019-02-11T10:40:33+00:00\",\"dateModified\":\"2026-04-09T14:37:46+00:00\",\"mainEntityOfPage\":{\"@id\":\"https:\\\/\\\/www.innocigs.com\\\/blog\\\/dampfermessen-2019\\\/\"},\"wordCount\":1039,\"commentCount\":0,\"image\":{\"@id\":\"https:\\\/\\\/www.innocigs.com\\\/blog\\\/dampfermessen-2019\\\/#primaryimage\"},\"thumbnailUrl\":\"https:\\\/\\\/www.innocigs.com\\\/blog\\\/wp-content\\\/uploads\\\/2019\\\/02\\\/IMG_1718.jpg\",\"inLanguage\":\"de\",\"potentialAction\":[{\"@type\":\"CommentAction\",\"name\":\"Comment\",\"target\":[\"https:\\\/\\\/www.innocigs.com\\\/blog\\\/dampfermessen-2019\\\/#respond\"]}]},{\"@type\":\"WebPage\",\"@id\":\"https:\\\/\\\/www.innocigs.com\\\/blog\\\/dampfermessen-2019\\\/\",\"url\":\"https:\\\/\\\/www.innocigs.com\\\/blog\\\/dampfermessen-2019\\\/\",\"name\":\"Fachmessen f\u00fcr E-Zigaretten: Termine und Veranstaltungen 2019 in Deutschland - InnoCigs\",\"isPartOf\":{\"@id\":\"https:\\\/\\\/www.innocigs.com\\\/blog\\\/#website\"},\"primaryImageOfPage\":{\"@id\":\"https:\\\/\\\/www.innocigs.com\\\/blog\\\/dampfermessen-2019\\\/#primaryimage\"},\"image\":{\"@id\":\"https:\\\/\\\/www.innocigs.com\\\/blog\\\/dampfermessen-2019\\\/#primaryimage\"},\"thumbnailUrl\":\"https:\\\/\\\/www.innocigs.com\\\/blog\\\/wp-content\\\/uploads\\\/2019\\\/02\\\/IMG_1718.jpg\",\"datePublished\":\"2019-02-11T10:40:33+00:00\",\"dateModified\":\"2026-04-09T14:37:46+00:00\",\"author\":{\"@id\":\"https:\\\/\\\/www.innocigs.com\\\/blog\\\/#\\\/schema\\\/person\\\/95aa735d7c615a010af262c72836f2bf\"},\"description\":\"\u00dcbersicht und Termine der Fachmessen f\u00fcr E-Zigaretten und Zubeh\u00f6r im Jahr 2019 in Deutschland. Eine sachliche Zusammenstellung vergangener Branchenveranstaltungen.\",\"breadcrumb\":{\"@id\":\"https:\\\/\\\/www.innocigs.com\\\/blog\\\/dampfermessen-2019\\\/#breadcrumb\"},\"inLanguage\":\"de\",\"potentialAction\":[{\"@type\":\"ReadAction\",\"target\":[\"https:\\\/\\\/www.innocigs.com\\\/blog\\\/dampfermessen-2019\\\/\"]}]},{\"@type\":\"ImageObject\",\"inLanguage\":\"de\",\"@id\":\"https:\\\/\\\/www.innocigs.com\\\/blog\\\/dampfermessen-2019\\\/#primaryimage\",\"url\":\"https:\\\/\\\/www.innocigs.com\\\/blog\\\/wp-content\\\/uploads\\\/2019\\\/02\\\/IMG_1718.jpg\",\"contentUrl\":\"https:\\\/\\\/www.innocigs.com\\\/blog\\\/wp-content\\\/uploads\\\/2019\\\/02\\\/IMG_1718.jpg\",\"width\":6000,\"height\":4000},{\"@type\":\"BreadcrumbList\",\"@id\":\"https:\\\/\\\/www.innocigs.com\\\/blog\\\/dampfermessen-2019\\\/#breadcrumb\",\"itemListElement\":[{\"@type\":\"ListItem\",\"position\":1,\"name\":\"Startseite\",\"item\":\"https:\\\/\\\/www.innocigs.com\\\/blog\\\/\"},{\"@type\":\"ListItem\",\"position\":2,\"name\":\"Fachmessen f\u00fcr E-Zigaretten: Termine und Veranstaltungen 2019 in Deutschland\"}]},{\"@type\":\"WebSite\",\"@id\":\"https:\\\/\\\/www.innocigs.com\\\/blog\\\/#website\",\"url\":\"https:\\\/\\\/www.innocigs.com\\\/blog\\\/\",\"name\":\"InnoCigs\",\"description\":\"\",\"potentialAction\":[{\"@type\":\"SearchAction\",\"target\":{\"@type\":\"EntryPoint\",\"urlTemplate\":\"https:\\\/\\\/www.innocigs.com\\\/blog\\\/?s={search_term_string}\"},\"query-input\":{\"@type\":\"PropertyValueSpecification\",\"valueRequired\":true,\"valueName\":\"search_term_string\"}}],\"inLanguage\":\"de\"},{\"@type\":\"Person\",\"@id\":\"https:\\\/\\\/www.innocigs.com\\\/blog\\\/#\\\/schema\\\/person\\\/95aa735d7c615a010af262c72836f2bf\",\"name\":\"InnoCigs Redaktion\",\"image\":{\"@type\":\"ImageObject\",\"inLanguage\":\"de\",\"@id\":\"https:\\\/\\\/secure.gravatar.com\\\/avatar\\\/abe69a8b375f73433f7cc678365f22c7ec501eb3b2a9215b3b596287860d6d65?s=96&d=mm&r=g\",\"url\":\"https:\\\/\\\/secure.gravatar.com\\\/avatar\\\/abe69a8b375f73433f7cc678365f22c7ec501eb3b2a9215b3b596287860d6d65?s=96&d=mm&r=g\",\"contentUrl\":\"https:\\\/\\\/secure.gravatar.com\\\/avatar\\\/abe69a8b375f73433f7cc678365f22c7ec501eb3b2a9215b3b596287860d6d65?s=96&d=mm&r=g\",\"caption\":\"InnoCigs Redaktion\"},\"sameAs\":[\"https:\\\/\\\/www.innocigs.com\\\/\"],\"url\":\"https:\\\/\\\/www.innocigs.com\\\/blog\\\/author\\\/innocigs\\\/\"}]}<\/script>\n<!-- \/ Yoast SEO plugin. -->","yoast_head_json":{"title":"Fachmessen f\u00fcr E-Zigaretten: Termine und Veranstaltungen 2019 in Deutschland - InnoCigs","description":"\u00dcbersicht und Termine der Fachmessen f\u00fcr E-Zigaretten und Zubeh\u00f6r im Jahr 2019 in Deutschland. Eine sachliche Zusammenstellung vergangener Branchenveranstaltungen.","robots":{"index":"index","follow":"follow","max-snippet":"max-snippet:-1","max-image-preview":"max-image-preview:large","max-video-preview":"max-video-preview:-1"},"canonical":"https:\/\/www.innocigs.com\/blog\/dampfermessen-2019\/","og_locale":"de_DE","og_type":"article","og_title":"Fachmessen f\u00fcr E-Zigaretten: Termine und Veranstaltungen 2019 in Deutschland - InnoCigs","og_description":"\u00dcbersicht und Termine der Fachmessen f\u00fcr E-Zigaretten und Zubeh\u00f6r im Jahr 2019 in Deutschland. Eine sachliche Zusammenstellung vergangener Branchenveranstaltungen.","og_url":"https:\/\/www.innocigs.com\/blog\/dampfermessen-2019\/","og_site_name":"InnoCigs","article_published_time":"2019-02-11T10:40:33+00:00","article_modified_time":"2026-04-09T14:37:46+00:00","og_image":[{"width":1024,"height":683,"url":"https:\/\/www.innocigs.com\/blog\/wp-content\/uploads\/2019\/02\/IMG_1718-1024x683.jpg","type":"image\/jpeg"}],"author":"InnoCigs Redaktion","twitter_card":"summary_large_image","twitter_misc":{"Verfasst von":"InnoCigs Redaktion","Gesch\u00e4tzte Lesezeit":"8\u00a0Minuten"},"schema":{"@context":"https:\/\/schema.org","@graph":[{"@type":"Article","@id":"https:\/\/www.innocigs.com\/blog\/dampfermessen-2019\/#article","isPartOf":{"@id":"https:\/\/www.innocigs.com\/blog\/dampfermessen-2019\/"},"author":{"name":"InnoCigs Redaktion","@id":"https:\/\/www.innocigs.com\/blog\/#\/schema\/person\/95aa735d7c615a010af262c72836f2bf"},"headline":"Fachmessen f\u00fcr E-Zigaretten: Termine und Veranstaltungen 2019 in Deutschland","datePublished":"2019-02-11T10:40:33+00:00","dateModified":"2026-04-09T14:37:46+00:00","mainEntityOfPage":{"@id":"https:\/\/www.innocigs.com\/blog\/dampfermessen-2019\/"},"wordCount":1039,"commentCount":0,"image":{"@id":"https:\/\/www.innocigs.com\/blog\/dampfermessen-2019\/#primaryimage"},"thumbnailUrl":"https:\/\/www.innocigs.com\/blog\/wp-content\/uploads\/2019\/02\/IMG_1718.jpg","inLanguage":"de","potentialAction":[{"@type":"CommentAction","name":"Comment","target":["https:\/\/www.innocigs.com\/blog\/dampfermessen-2019\/#respond"]}]},{"@type":"WebPage","@id":"https:\/\/www.innocigs.com\/blog\/dampfermessen-2019\/","url":"https:\/\/www.innocigs.com\/blog\/dampfermessen-2019\/","name":"Fachmessen f\u00fcr E-Zigaretten: Termine und Veranstaltungen 2019 in Deutschland - InnoCigs","isPartOf":{"@id":"https:\/\/www.innocigs.com\/blog\/#website"},"primaryImageOfPage":{"@id":"https:\/\/www.innocigs.com\/blog\/dampfermessen-2019\/#primaryimage"},"image":{"@id":"https:\/\/www.innocigs.com\/blog\/dampfermessen-2019\/#primaryimage"},"thumbnailUrl":"https:\/\/www.innocigs.com\/blog\/wp-content\/uploads\/2019\/02\/IMG_1718.jpg","datePublished":"2019-02-11T10:40:33+00:00","dateModified":"2026-04-09T14:37:46+00:00","author":{"@id":"https:\/\/www.innocigs.com\/blog\/#\/schema\/person\/95aa735d7c615a010af262c72836f2bf"},"description":"\u00dcbersicht und Termine der Fachmessen f\u00fcr E-Zigaretten und Zubeh\u00f6r im Jahr 2019 in Deutschland. Eine sachliche Zusammenstellung vergangener Branchenveranstaltungen.","breadcrumb":{"@id":"https:\/\/www.innocigs.com\/blog\/dampfermessen-2019\/#breadcrumb"},"inLanguage":"de","potentialAction":[{"@type":"ReadAction","target":["https:\/\/www.innocigs.com\/blog\/dampfermessen-2019\/"]}]},{"@type":"ImageObject","inLanguage":"de","@id":"https:\/\/www.innocigs.com\/blog\/dampfermessen-2019\/#primaryimage","url":"https:\/\/www.innocigs.com\/blog\/wp-content\/uploads\/2019\/02\/IMG_1718.jpg","contentUrl":"https:\/\/www.innocigs.com\/blog\/wp-content\/uploads\/2019\/02\/IMG_1718.jpg","width":6000,"height":4000},{"@type":"BreadcrumbList","@id":"https:\/\/www.innocigs.com\/blog\/dampfermessen-2019\/#breadcrumb","itemListElement":[{"@type":"ListItem","position":1,"name":"Startseite","item":"https:\/\/www.innocigs.com\/blog\/"},{"@type":"ListItem","position":2,"name":"Fachmessen f\u00fcr E-Zigaretten: Termine und Veranstaltungen 2019 in Deutschland"}]},{"@type":"WebSite","@id":"https:\/\/www.innocigs.com\/blog\/#website","url":"https:\/\/www.innocigs.com\/blog\/","name":"InnoCigs","description":"","potentialAction":[{"@type":"SearchAction","target":{"@type":"EntryPoint","urlTemplate":"https:\/\/www.innocigs.com\/blog\/?s={search_term_string}"},"query-input":{"@type":"PropertyValueSpecification","valueRequired":true,"valueName":"search_term_string"}}],"inLanguage":"de"},{"@type":"Person","@id":"https:\/\/www.innocigs.com\/blog\/#\/schema\/person\/95aa735d7c615a010af262c72836f2bf","name":"InnoCigs Redaktion","image":{"@type":"ImageObject","inLanguage":"de","@id":"https:\/\/secure.gravatar.com\/avatar\/abe69a8b375f73433f7cc678365f22c7ec501eb3b2a9215b3b596287860d6d65?s=96&d=mm&r=g","url":"https:\/\/secure.gravatar.com\/avatar\/abe69a8b375f73433f7cc678365f22c7ec501eb3b2a9215b3b596287860d6d65?s=96&d=mm&r=g","contentUrl":"https:\/\/secure.gravatar.com\/avatar\/abe69a8b375f73433f7cc678365f22c7ec501eb3b2a9215b3b596287860d6d65?s=96&d=mm&r=g","caption":"InnoCigs Redaktion"},"sameAs":["https:\/\/www.innocigs.com\/"],"url":"https:\/\/www.innocigs.com\/blog\/author\/innocigs\/"}]}},"_links":{"self":[{"href":"https:\/\/www.innocigs.com\/blog\/wp-json\/wp\/v2\/posts\/2624","targetHints":{"allow":["GET"]}}],"collection":[{"href":"https:\/\/www.innocigs.com\/blog\/wp-json\/wp\/v2\/posts"}],"about":[{"href":"https:\/\/www.innocigs.com\/blog\/wp-json\/wp\/v2\/types\/post"}],"author":[{"embeddable":true,"href":"https:\/\/www.innocigs.com\/blog\/wp-json\/wp\/v2\/users\/3"}],"replies":[{"embeddable":true,"href":"https:\/\/www.innocigs.com\/blog\/wp-json\/wp\/v2\/comments?post=2624"}],"version-history":[{"count":38,"href":"https:\/\/www.innocigs.com\/blog\/wp-json\/wp\/v2\/posts\/2624\/revisions"}],"predecessor-version":[{"id":5024,"href":"https:\/\/www.innocigs.com\/blog\/wp-json\/wp\/v2\/posts\/2624\/revisions\/5024"}],"wp:featuredmedia":[{"embeddable":true,"href":"https:\/\/www.innocigs.com\/blog\/wp-json\/wp\/v2\/media\/2644"}],"wp:attachment":[{"href":"https:\/\/www.innocigs.com\/blog\/wp-json\/wp\/v2\/media?parent=2624"}],"wp:term":[{"taxonomy":"category","embeddable":true,"href":"https:\/\/www.innocigs.com\/blog\/wp-json\/wp\/v2\/categories?post=2624"},{"taxonomy":"post_tag","embeddable":true,"href":"https:\/\/www.innocigs.com\/blog\/wp-json\/wp\/v2\/tags?post=2624"}],"curies":[{"name":"wp","href":"https:\/\/api.w.org\/{rel}","templated":true}]}}